{"id":559,"date":"2026-03-17T14:44:14","date_gmt":"2026-03-17T13:44:14","guid":{"rendered":"https:\/\/assoact.fr\/?p=559"},"modified":"2026-03-17T14:45:55","modified_gmt":"2026-03-17T13:45:55","slug":"%f0%9f%8c%b1-horizon-septembre-on-prepare-le-terrain-a-latelier-des-chantiers","status":"publish","type":"post","link":"https:\/\/assoact.fr\/?p=559","title":{"rendered":"\ud83c\udf31 Horizon Septembre : On pr\u00e9pare le terrain \u00e0 l\u2019Atelier des Chantiers !"},"content":{"rendered":"\n<p class=\"p1\"><\/p>\n\n\n\n<figure class=\"wp-block-image size-large\"><img fetchpriority=\"high\" decoding=\"async\" width=\"1024\" height=\"768\" src=\"https:\/\/assoact.fr\/wp-content\/uploads\/2026\/03\/img_7130-1024x768.jpg\" class=\"wp-image-555\" srcset=\"https:\/\/assoact.fr\/wp-content\/uploads\/2026\/03\/img_7130-1024x768.jpg 1024w, https:\/\/assoact.fr\/wp-content\/uploads\/2026\/03\/img_7130-300x225.jpg 300w, https:\/\/assoact.fr\/wp-content\/uploads\/2026\/03\/img_7130-768x576.jpg 768w, https:\/\/assoact.fr\/wp-content\/uploads\/2026\/03\/img_7130-1536x1152.jpg 1536w, https:\/\/assoact.fr\/wp-content\/uploads\/2026\/03\/img_7130.jpg 2000w\" sizes=\"(max-width: 1024px) 100vw, 1024px\" \/><\/figure>\n\n\n\n<p class=\"p3\">L\u2019Atelier des Chantiers lance son grand chantier d&rsquo;infrastructure ! D&rsquo;ici septembre, notre terrain va se transformer pour devenir un v\u00e9ritable \u00e9cosyst\u00e8me d&rsquo;accueil. On vous explique comment on s&rsquo;y prend et pourquoi c&rsquo;est le moment de nous rejoindre.<\/p>\n\n\n\n<p class=\"p4\">\ud83c\udfd7\ufe0f Le Chantier : 6 mois pour poser des bases solides<\/p>\n\n\n\n<p class=\"p3\">Pas de pr\u00e9cipitation : sur une terre argileuse, on travaille avec le temps. De ce printemps jusqu&rsquo;\u00e0 la rentr\u00e9e de septembre, nous allons mener une op\u00e9ration de \u00ab\u00a0viabilisation r\u00e9siliente\u00a0\u00bb.<\/p>\n\n\n\n<p class=\"p5\">1. Faire rouler la vie (Voirie &amp; Acc\u00e8s)<\/p>\n\n\n\n<p class=\"p3\">L&rsquo;argile est une terre vivante mais capricieuse. Pour que nos futurs r\u00e9sidents ne s&#8217;embourbent pas au premier automne, nous cr\u00e9ons deux voies de 60 m\u00e8tres avec une technique de \u00ab\u00a0flottaison\u00a0\u00bb :<\/p>\n\n\n\n<p class=\"p6\">\u2022 Le secret : Une barri\u00e8re de 400 m\u00b2 de g\u00e9otextile. C&rsquo;est elle qui s\u00e9pare l&rsquo;argile du gravier.<\/p>\n\n\n\n<p class=\"p7\">\u2022 La structure : 3 semi-remorques de cailloux concass\u00e9s (60 tonnes !). On commence par du gros (0\/80) pour l&rsquo;assise, et on finit par du fin (0\/31.5) pour le confort.<\/p>\n\n\n\n<p class=\"p7\">\u2022 Le pilote : Tout est \u00e9tal\u00e9 \u00e0 l&rsquo;avancement avec notre Case 580B, en veillant \u00e0 compacter chaque couche pour une route qui dure 20 ans.<\/p>\n\n\n\n<figure class=\"wp-block-image size-large\"><img decoding=\"async\" width=\"768\" height=\"1024\" src=\"https:\/\/assoact.fr\/wp-content\/uploads\/2026\/03\/img_7124-768x1024.jpg\" class=\"wp-image-556\" srcset=\"https:\/\/assoact.fr\/wp-content\/uploads\/2026\/03\/img_7124-768x1024.jpg 768w, https:\/\/assoact.fr\/wp-content\/uploads\/2026\/03\/img_7124-225x300.jpg 225w, https:\/\/assoact.fr\/wp-content\/uploads\/2026\/03\/img_7124-1152x1536.jpg 1152w, https:\/\/assoact.fr\/wp-content\/uploads\/2026\/03\/img_7124.jpg 1500w\" sizes=\"(max-width: 768px) 100vw, 768px\" \/><\/figure>\n\n\n\n<p class=\"p5\">2. L&rsquo;\u00e9nergie partag\u00e9e (R\u00e9seau \u00c9lectrique)<\/p>\n\n\n\n<p class=\"p3\">On installe un r\u00e9seau capable d&rsquo;alimenter 4 bungalows et 2 emplacements nomades.<\/p>\n\n\n\n<p class=\"p6\">\u2022 La technique \u00ab\u00a0Pro\u00a0\u00bb : On utilise un c\u00e2ble principal en Aluminium (70 mm\u00b2). C&rsquo;est plus l\u00e9ger, beaucoup moins cher que le cuivre, et tout aussi performant si on utilise la bonne graisse de contact neutre pour les branchements.<\/p>\n\n\n\n<p class=\"p7\">\u2022 Le confort individuel : Chaque futur logement sera reli\u00e9 en Cuivre 16 mm\u00b2. Pourquoi une telle section ? Pour garantir que m\u00eame \u00e0 50 m\u00e8tres, vous ayez toute la puissance n\u00e9cessaire (32A) sans baisse de tension.<\/p>\n\n\n\n<p class=\"p7\">\u2022 L&rsquo;\u00e9quit\u00e9 : Des compteurs individuels MID seront install\u00e9s. \u00c0 l&rsquo;Atelier, on mutualise les ressources, mais on responsabilise les usages !<\/p>\n\n\n\n<figure class=\"wp-block-image size-large\"><img decoding=\"async\" width=\"1024\" height=\"768\" src=\"https:\/\/assoact.fr\/wp-content\/uploads\/2026\/03\/img_7125-1024x768.jpg\" class=\"wp-image-557\" srcset=\"https:\/\/assoact.fr\/wp-content\/uploads\/2026\/03\/img_7125-1024x768.jpg 1024w, https:\/\/assoact.fr\/wp-content\/uploads\/2026\/03\/img_7125-300x225.jpg 300w, https:\/\/assoact.fr\/wp-content\/uploads\/2026\/03\/img_7125-768x576.jpg 768w, https:\/\/assoact.fr\/wp-content\/uploads\/2026\/03\/img_7125-1536x1152.jpg 1536w, https:\/\/assoact.fr\/wp-content\/uploads\/2026\/03\/img_7125.jpg 2000w\" sizes=\"(max-width: 1024px) 100vw, 1024px\" \/><\/figure>\n\n\n\n<p class=\"p4\">\ud83d\udcc5 Le Calendrier des Prairies (Printemps &#8211; Septembre)<\/p>\n\n\n\n<p class=\"p6\">\u2022 Printemps : Terrassement, ouverture des tranch\u00e9es et pose des gaines (90mm pour l&rsquo;alu, 50mm pour le cuivre).<\/p>\n\n\n\n<p class=\"p7\">\u2022 Juin &#8211; Juillet : Pose du g\u00e9otextile et r\u00e9ception des camions de cailloux. \u00c9talage et compactage.<\/p>\n\n\n\n<p class=\"p7\">\u2022 Ao\u00fbt : Tirage des c\u00e2bles et raccordement du bo\u00eetier r\u00e9partiteur g\u00e9n\u00e9ral.<\/p>\n\n\n\n<p class=\"p7\">\u2022 Septembre : Mise en service et accueil des premiers projets.<\/p>\n\n\n\n<p class=\"p4\">\ud83c\udfe0 Et si c&rsquo;\u00e9tait votre futur chez-vous ?<\/p>\n\n\n\n<p class=\"p3\">Ce chantier est la premi\u00e8re \u00e9tape pour ouvrir 4 emplacements d&rsquo;habitation (bungalows\/tiny-houses) et 2 places temporaires pour camions am\u00e9nag\u00e9s ou caravanes.<\/p>\n\n\n\n<figure class=\"wp-block-image size-large\"><img loading=\"lazy\" decoding=\"async\" width=\"1024\" height=\"768\" src=\"https:\/\/assoact.fr\/wp-content\/uploads\/2026\/03\/img_7139-1024x768.png\" class=\"wp-image-558\" srcset=\"https:\/\/assoact.fr\/wp-content\/uploads\/2026\/03\/img_7139-1024x768.png 1024w, https:\/\/assoact.fr\/wp-content\/uploads\/2026\/03\/img_7139-300x225.png 300w, https:\/\/assoact.fr\/wp-content\/uploads\/2026\/03\/img_7139-768x576.png 768w, https:\/\/assoact.fr\/wp-content\/uploads\/2026\/03\/img_7139.png 1195w\" sizes=\"(max-width: 1024px) 100vw, 1024px\" \/><\/figure>\n\n\n\n<p class=\"p8\">Nous cr\u00e9ons un espace o\u00f9 la technologie (compteurs pr\u00e9cis, r\u00e9seau stable) rencontre la nature (respect du sol, gestion raisonn\u00e9e). Si vous cherchez un lieu qui allie autonomie technique et vie associative, c&rsquo;est le moment !<\/p>\n\n\n\n<p>Inscrivez-vous \u00e0 la prochaine permanence ! <\/p>\n","protected":false},"excerpt":{"rendered":"<p>L\u2019Atelier des Chantiers lance son grand chantier d&rsquo;infrastructure ! D&rsquo;ici septembre, notre terrain va se transformer pour devenir un v\u00e9ritable \u00e9cosyst\u00e8me d&rsquo;accueil. On vous explique comment on s&rsquo;y prend et pourquoi c&rsquo;est le moment de nous rejoindre. \ud83c\udfd7\ufe0f Le Chantier : 6 mois pour poser des bases solides Pas de [&hellip;]<\/p>\n","protected":false},"author":3,"featured_media":561,"comment_status":"closed","ping_status":"open","sticky":false,"template":"","format":"standard","meta":{"footnotes":""},"categories":[11],"tags":[],"class_list":["post-559","post","type-post","status-publish","format-standard","has-post-thumbnail","hentry","category-atelier"],"yoast_head":"<!-- This site is optimized with the Yoast SEO plugin v27.5 - https:\/\/yoast.com\/product\/yoast-seo-wordpress\/ -->\n<title>\ud83c\udf31 Horizon Septembre : On pr\u00e9pare le terrain \u00e0 l\u2019Atelier des Chantiers ! - ACT<\/title>\n<meta name=\"robots\" content=\"index, follow, max-snippet:-1, max-image-preview:large, max-video-preview:-1\" \/>\n<link rel=\"canonical\" href=\"https:\/\/assoact.fr\/?p=559\" \/>\n<meta property=\"og:locale\" content=\"fr_FR\" \/>\n<meta property=\"og:type\" content=\"article\" \/>\n<meta property=\"og:title\" content=\"\ud83c\udf31 Horizon Septembre : On pr\u00e9pare le terrain \u00e0 l\u2019Atelier des Chantiers ! - ACT\" \/>\n<meta property=\"og:description\" content=\"L\u2019Atelier des Chantiers lance son grand chantier d&rsquo;infrastructure ! D&rsquo;ici septembre, notre terrain va se transformer pour devenir un v\u00e9ritable \u00e9cosyst\u00e8me d&rsquo;accueil. On vous explique comment on s&rsquo;y prend et pourquoi c&rsquo;est le moment de nous rejoindre. \ud83c\udfd7\ufe0f Le Chantier : 6 mois pour poser des bases solides Pas de [&hellip;]\" \/>\n<meta property=\"og:url\" content=\"https:\/\/assoact.fr\/?p=559\" \/>\n<meta property=\"og:site_name\" content=\"ACT\" \/>\n<meta property=\"article:published_time\" content=\"2026-03-17T13:44:14+00:00\" \/>\n<meta property=\"article:modified_time\" content=\"2026-03-17T13:45:55+00:00\" \/>\n<meta property=\"og:image\" content=\"https:\/\/assoact.fr\/wp-content\/uploads\/2026\/03\/img_7139-1.png\" \/>\n\t<meta property=\"og:image:width\" content=\"1195\" \/>\n\t<meta property=\"og:image:height\" content=\"896\" \/>\n\t<meta property=\"og:image:type\" content=\"image\/png\" \/>\n<meta name=\"author\" content=\"CG2121\" \/>\n<meta name=\"twitter:card\" content=\"summary_large_image\" \/>\n<meta name=\"twitter:label1\" content=\"\u00c9crit par\" \/>\n\t<meta name=\"twitter:data1\" content=\"CG2121\" \/>\n\t<meta name=\"twitter:label2\" content=\"Dur\u00e9e de lecture estim\u00e9e\" \/>\n\t<meta name=\"twitter:data2\" content=\"2 minutes\" \/>\n<script type=\"application\/ld+json\" class=\"yoast-schema-graph\">{\"@context\":\"https:\\\/\\\/schema.org\",\"@graph\":[{\"@type\":\"Article\",\"@id\":\"https:\\\/\\\/assoact.fr\\\/?p=559#article\",\"isPartOf\":{\"@id\":\"https:\\\/\\\/assoact.fr\\\/?p=559\"},\"author\":{\"name\":\"CG2121\",\"@id\":\"https:\\\/\\\/assoact.fr\\\/#\\\/schema\\\/person\\\/537431143f8a06e5b4fccee9071011d8\"},\"headline\":\"\ud83c\udf31 Horizon Septembre : On pr\u00e9pare le terrain \u00e0 l\u2019Atelier des Chantiers !\",\"datePublished\":\"2026-03-17T13:44:14+00:00\",\"dateModified\":\"2026-03-17T13:45:55+00:00\",\"mainEntityOfPage\":{\"@id\":\"https:\\\/\\\/assoact.fr\\\/?p=559\"},\"wordCount\":457,\"publisher\":{\"@id\":\"https:\\\/\\\/assoact.fr\\\/#organization\"},\"image\":{\"@id\":\"https:\\\/\\\/assoact.fr\\\/?p=559#primaryimage\"},\"thumbnailUrl\":\"https:\\\/\\\/assoact.fr\\\/wp-content\\\/uploads\\\/2026\\\/03\\\/img_7139-1.png\",\"articleSection\":[\"Atelier\"],\"inLanguage\":\"fr-FR\"},{\"@type\":\"WebPage\",\"@id\":\"https:\\\/\\\/assoact.fr\\\/?p=559\",\"url\":\"https:\\\/\\\/assoact.fr\\\/?p=559\",\"name\":\"\ud83c\udf31 Horizon Septembre : On pr\u00e9pare le terrain \u00e0 l\u2019Atelier des Chantiers ! - ACT\",\"isPartOf\":{\"@id\":\"https:\\\/\\\/assoact.fr\\\/#website\"},\"primaryImageOfPage\":{\"@id\":\"https:\\\/\\\/assoact.fr\\\/?p=559#primaryimage\"},\"image\":{\"@id\":\"https:\\\/\\\/assoact.fr\\\/?p=559#primaryimage\"},\"thumbnailUrl\":\"https:\\\/\\\/assoact.fr\\\/wp-content\\\/uploads\\\/2026\\\/03\\\/img_7139-1.png\",\"datePublished\":\"2026-03-17T13:44:14+00:00\",\"dateModified\":\"2026-03-17T13:45:55+00:00\",\"breadcrumb\":{\"@id\":\"https:\\\/\\\/assoact.fr\\\/?p=559#breadcrumb\"},\"inLanguage\":\"fr-FR\",\"potentialAction\":[{\"@type\":\"ReadAction\",\"target\":[\"https:\\\/\\\/assoact.fr\\\/?p=559\"]}]},{\"@type\":\"ImageObject\",\"inLanguage\":\"fr-FR\",\"@id\":\"https:\\\/\\\/assoact.fr\\\/?p=559#primaryimage\",\"url\":\"https:\\\/\\\/assoact.fr\\\/wp-content\\\/uploads\\\/2026\\\/03\\\/img_7139-1.png\",\"contentUrl\":\"https:\\\/\\\/assoact.fr\\\/wp-content\\\/uploads\\\/2026\\\/03\\\/img_7139-1.png\",\"width\":1195,\"height\":896},{\"@type\":\"BreadcrumbList\",\"@id\":\"https:\\\/\\\/assoact.fr\\\/?p=559#breadcrumb\",\"itemListElement\":[{\"@type\":\"ListItem\",\"position\":1,\"name\":\"Accueil\",\"item\":\"https:\\\/\\\/assoact.fr\\\/\"},{\"@type\":\"ListItem\",\"position\":2,\"name\":\"\ud83c\udf31 Horizon Septembre : On pr\u00e9pare le terrain \u00e0 l\u2019Atelier des Chantiers !\"}]},{\"@type\":\"WebSite\",\"@id\":\"https:\\\/\\\/assoact.fr\\\/#website\",\"url\":\"https:\\\/\\\/assoact.fr\\\/\",\"name\":\"ACT\",\"description\":\"Atelier des Champs Tiers\",\"publisher\":{\"@id\":\"https:\\\/\\\/assoact.fr\\\/#organization\"},\"potentialAction\":[{\"@type\":\"SearchAction\",\"target\":{\"@type\":\"EntryPoint\",\"urlTemplate\":\"https:\\\/\\\/assoact.fr\\\/?s={search_term_string}\"},\"query-input\":{\"@type\":\"PropertyValueSpecification\",\"valueRequired\":true,\"valueName\":\"search_term_string\"}}],\"inLanguage\":\"fr-FR\"},{\"@type\":\"Organization\",\"@id\":\"https:\\\/\\\/assoact.fr\\\/#organization\",\"name\":\"ACT\",\"url\":\"https:\\\/\\\/assoact.fr\\\/\",\"logo\":{\"@type\":\"ImageObject\",\"inLanguage\":\"fr-FR\",\"@id\":\"https:\\\/\\\/assoact.fr\\\/#\\\/schema\\\/logo\\\/image\\\/\",\"url\":\"https:\\\/\\\/assoact.fr\\\/wp-content\\\/uploads\\\/2024\\\/06\\\/14.png\",\"contentUrl\":\"https:\\\/\\\/assoact.fr\\\/wp-content\\\/uploads\\\/2024\\\/06\\\/14.png\",\"width\":500,\"height\":500,\"caption\":\"ACT\"},\"image\":{\"@id\":\"https:\\\/\\\/assoact.fr\\\/#\\\/schema\\\/logo\\\/image\\\/\"}},{\"@type\":\"Person\",\"@id\":\"https:\\\/\\\/assoact.fr\\\/#\\\/schema\\\/person\\\/537431143f8a06e5b4fccee9071011d8\",\"name\":\"CG2121\",\"image\":{\"@type\":\"ImageObject\",\"inLanguage\":\"fr-FR\",\"@id\":\"https:\\\/\\\/secure.gravatar.com\\\/avatar\\\/31188695baee892289b0fef81208db24d839a74280e9537198659286618a44a1?s=96&d=mm&r=g\",\"url\":\"https:\\\/\\\/secure.gravatar.com\\\/avatar\\\/31188695baee892289b0fef81208db24d839a74280e9537198659286618a44a1?s=96&d=mm&r=g\",\"contentUrl\":\"https:\\\/\\\/secure.gravatar.com\\\/avatar\\\/31188695baee892289b0fef81208db24d839a74280e9537198659286618a44a1?s=96&d=mm&r=g\",\"caption\":\"CG2121\"},\"sameAs\":[\"http:\\\/\\\/www.cg2121.fr\"],\"url\":\"https:\\\/\\\/assoact.fr\\\/?author=3\"}]}<\/script>\n<!-- \/ Yoast SEO plugin. -->","yoast_head_json":{"title":"\ud83c\udf31 Horizon Septembre : On pr\u00e9pare le terrain \u00e0 l\u2019Atelier des Chantiers ! - ACT","robots":{"index":"index","follow":"follow","max-snippet":"max-snippet:-1","max-image-preview":"max-image-preview:large","max-video-preview":"max-video-preview:-1"},"canonical":"https:\/\/assoact.fr\/?p=559","og_locale":"fr_FR","og_type":"article","og_title":"\ud83c\udf31 Horizon Septembre : On pr\u00e9pare le terrain \u00e0 l\u2019Atelier des Chantiers ! - ACT","og_description":"L\u2019Atelier des Chantiers lance son grand chantier d&rsquo;infrastructure ! D&rsquo;ici septembre, notre terrain va se transformer pour devenir un v\u00e9ritable \u00e9cosyst\u00e8me d&rsquo;accueil. On vous explique comment on s&rsquo;y prend et pourquoi c&rsquo;est le moment de nous rejoindre. \ud83c\udfd7\ufe0f Le Chantier : 6 mois pour poser des bases solides Pas de [&hellip;]","og_url":"https:\/\/assoact.fr\/?p=559","og_site_name":"ACT","article_published_time":"2026-03-17T13:44:14+00:00","article_modified_time":"2026-03-17T13:45:55+00:00","og_image":[{"width":1195,"height":896,"url":"https:\/\/assoact.fr\/wp-content\/uploads\/2026\/03\/img_7139-1.png","type":"image\/png"}],"author":"CG2121","twitter_card":"summary_large_image","twitter_misc":{"\u00c9crit par":"CG2121","Dur\u00e9e de lecture estim\u00e9e":"2 minutes"},"schema":{"@context":"https:\/\/schema.org","@graph":[{"@type":"Article","@id":"https:\/\/assoact.fr\/?p=559#article","isPartOf":{"@id":"https:\/\/assoact.fr\/?p=559"},"author":{"name":"CG2121","@id":"https:\/\/assoact.fr\/#\/schema\/person\/537431143f8a06e5b4fccee9071011d8"},"headline":"\ud83c\udf31 Horizon Septembre : On pr\u00e9pare le terrain \u00e0 l\u2019Atelier des Chantiers !","datePublished":"2026-03-17T13:44:14+00:00","dateModified":"2026-03-17T13:45:55+00:00","mainEntityOfPage":{"@id":"https:\/\/assoact.fr\/?p=559"},"wordCount":457,"publisher":{"@id":"https:\/\/assoact.fr\/#organization"},"image":{"@id":"https:\/\/assoact.fr\/?p=559#primaryimage"},"thumbnailUrl":"https:\/\/assoact.fr\/wp-content\/uploads\/2026\/03\/img_7139-1.png","articleSection":["Atelier"],"inLanguage":"fr-FR"},{"@type":"WebPage","@id":"https:\/\/assoact.fr\/?p=559","url":"https:\/\/assoact.fr\/?p=559","name":"\ud83c\udf31 Horizon Septembre : On pr\u00e9pare le terrain \u00e0 l\u2019Atelier des Chantiers ! - ACT","isPartOf":{"@id":"https:\/\/assoact.fr\/#website"},"primaryImageOfPage":{"@id":"https:\/\/assoact.fr\/?p=559#primaryimage"},"image":{"@id":"https:\/\/assoact.fr\/?p=559#primaryimage"},"thumbnailUrl":"https:\/\/assoact.fr\/wp-content\/uploads\/2026\/03\/img_7139-1.png","datePublished":"2026-03-17T13:44:14+00:00","dateModified":"2026-03-17T13:45:55+00:00","breadcrumb":{"@id":"https:\/\/assoact.fr\/?p=559#breadcrumb"},"inLanguage":"fr-FR","potentialAction":[{"@type":"ReadAction","target":["https:\/\/assoact.fr\/?p=559"]}]},{"@type":"ImageObject","inLanguage":"fr-FR","@id":"https:\/\/assoact.fr\/?p=559#primaryimage","url":"https:\/\/assoact.fr\/wp-content\/uploads\/2026\/03\/img_7139-1.png","contentUrl":"https:\/\/assoact.fr\/wp-content\/uploads\/2026\/03\/img_7139-1.png","width":1195,"height":896},{"@type":"BreadcrumbList","@id":"https:\/\/assoact.fr\/?p=559#breadcrumb","itemListElement":[{"@type":"ListItem","position":1,"name":"Accueil","item":"https:\/\/assoact.fr\/"},{"@type":"ListItem","position":2,"name":"\ud83c\udf31 Horizon Septembre : On pr\u00e9pare le terrain \u00e0 l\u2019Atelier des Chantiers !"}]},{"@type":"WebSite","@id":"https:\/\/assoact.fr\/#website","url":"https:\/\/assoact.fr\/","name":"ACT","description":"Atelier des Champs Tiers","publisher":{"@id":"https:\/\/assoact.fr\/#organization"},"potentialAction":[{"@type":"SearchAction","target":{"@type":"EntryPoint","urlTemplate":"https:\/\/assoact.fr\/?s={search_term_string}"},"query-input":{"@type":"PropertyValueSpecification","valueRequired":true,"valueName":"search_term_string"}}],"inLanguage":"fr-FR"},{"@type":"Organization","@id":"https:\/\/assoact.fr\/#organization","name":"ACT","url":"https:\/\/assoact.fr\/","logo":{"@type":"ImageObject","inLanguage":"fr-FR","@id":"https:\/\/assoact.fr\/#\/schema\/logo\/image\/","url":"https:\/\/assoact.fr\/wp-content\/uploads\/2024\/06\/14.png","contentUrl":"https:\/\/assoact.fr\/wp-content\/uploads\/2024\/06\/14.png","width":500,"height":500,"caption":"ACT"},"image":{"@id":"https:\/\/assoact.fr\/#\/schema\/logo\/image\/"}},{"@type":"Person","@id":"https:\/\/assoact.fr\/#\/schema\/person\/537431143f8a06e5b4fccee9071011d8","name":"CG2121","image":{"@type":"ImageObject","inLanguage":"fr-FR","@id":"https:\/\/secure.gravatar.com\/avatar\/31188695baee892289b0fef81208db24d839a74280e9537198659286618a44a1?s=96&d=mm&r=g","url":"https:\/\/secure.gravatar.com\/avatar\/31188695baee892289b0fef81208db24d839a74280e9537198659286618a44a1?s=96&d=mm&r=g","contentUrl":"https:\/\/secure.gravatar.com\/avatar\/31188695baee892289b0fef81208db24d839a74280e9537198659286618a44a1?s=96&d=mm&r=g","caption":"CG2121"},"sameAs":["http:\/\/www.cg2121.fr"],"url":"https:\/\/assoact.fr\/?author=3"}]}},"_links":{"self":[{"href":"https:\/\/assoact.fr\/index.php?rest_route=\/wp\/v2\/posts\/559","targetHints":{"allow":["GET"]}}],"collection":[{"href":"https:\/\/assoact.fr\/index.php?rest_route=\/wp\/v2\/posts"}],"about":[{"href":"https:\/\/assoact.fr\/index.php?rest_route=\/wp\/v2\/types\/post"}],"author":[{"embeddable":true,"href":"https:\/\/assoact.fr\/index.php?rest_route=\/wp\/v2\/users\/3"}],"replies":[{"embeddable":true,"href":"https:\/\/assoact.fr\/index.php?rest_route=%2Fwp%2Fv2%2Fcomments&post=559"}],"version-history":[{"count":1,"href":"https:\/\/assoact.fr\/index.php?rest_route=\/wp\/v2\/posts\/559\/revisions"}],"predecessor-version":[{"id":560,"href":"https:\/\/assoact.fr\/index.php?rest_route=\/wp\/v2\/posts\/559\/revisions\/560"}],"wp:featuredmedia":[{"embeddable":true,"href":"https:\/\/assoact.fr\/index.php?rest_route=\/wp\/v2\/media\/561"}],"wp:attachment":[{"href":"https:\/\/assoact.fr\/index.php?rest_route=%2Fwp%2Fv2%2Fmedia&parent=559"}],"wp:term":[{"taxonomy":"category","embeddable":true,"href":"https:\/\/assoact.fr\/index.php?rest_route=%2Fwp%2Fv2%2Fcategories&post=559"},{"taxonomy":"post_tag","embeddable":true,"href":"https:\/\/assoact.fr\/index.php?rest_route=%2Fwp%2Fv2%2Ftags&post=559"}],"curies":[{"name":"wp","href":"https:\/\/api.w.org\/{rel}","templated":true}]}}